{"id":10917,"date":"2025-05-20T12:24:00","date_gmt":"2025-05-20T10:24:00","guid":{"rendered":"https:\/\/pichlerarchitects.com\/unkategorisiert\/2025\/wolf-fenster-in-planning\/"},"modified":"2025-05-20T12:29:29","modified_gmt":"2025-05-20T10:29:29","slug":"wolf-fenster-in-planning","status":"publish","type":"post","link":"https:\/\/pichlerarchitects.com\/de\/architecture-de\/2025\/wolf-fenster-in-planning\/","title":{"rendered":"Wolf Fenster \/ In Planung"},"content":{"rendered":"\n<h2 class=\"wp-block-heading\">Projekt f\u00fcr den neuen Firmensitz. Wettbewerbsbeitrag &#8211; 1.Preis<\/h2>\n\n\n\n<p><strong>Entdecke deine Aussicht.<\/strong> Das Konzept basiert auf der engen Verbindung zwischen Architektur, Produkt und Landschaft \u2013 inspiriert vom Fenster als Symbol f\u00fcr die Beziehung zwischen Innen und Au\u00dfen. Der Showroom wird selbst zur Ausstellung: ein Ensemble aus quadratischen Volumen, das an das Firmenlogo erinnert und den Besucher auf eine r\u00e4umliche Entdeckungsreise einl\u00e4dt. Erg\u00e4nzt wird das Projekt durch die Erweiterung der B\u00fcros und der Produktionshalle \u2013 in klarer Kontinuit\u00e4t mit der Identit\u00e4t von Wolf Fenster.<\/p>\n\n\n\n<div style=\"height:50px\" aria-hidden=\"true\" class=\"wp-block-spacer\"><\/div>\n","protected":false},"excerpt":{"rendered":"<p>Projekt f\u00fcr den neuen Firmensitz. Wettbewerbsbeitrag &#8211; 1.Preis Entdecke deine Aussicht. Das Konzept basiert auf der engen Verbindung zwischen Architektur, Produkt und Landschaft \u2013 inspiriert vom Fenster als Symbol f\u00fcr die Beziehung zwischen Innen und Au\u00dfen. Der Showroom wird selbst zur Ausstellung: ein Ensemble aus quadratischen Volumen, das an das&#8230; <\/p>\n<div class=\"readmore\"><a href=\"https:\/\/pichlerarchitects.com\/de\/architecture-de\/2025\/wolf-fenster-in-planning\/\" class=\"btn-link\">Read more<\/a><\/div>\n","protected":false},"author":3,"featured_media":10913,"comment_status":"closed","ping_status":"closed","sticky":false,"template":"","format":"standard","meta":{"inline_featured_image":false,"footnotes":""},"categories":[54],"tags":[],"class_list":["post-10917","post","type-post","status-publish","format-standard","has-post-thumbnail","hentry","category-architecture-de"],"acf":[],"aioseo_notices":[],"_links":{"self":[{"href":"https:\/\/pichlerarchitects.com\/de\/wp-json\/wp\/v2\/posts\/10917","targetHints":{"allow":["GET"]}}],"collection":[{"href":"https:\/\/pichlerarchitects.com\/de\/wp-json\/wp\/v2\/posts"}],"about":[{"href":"https:\/\/pichlerarchitects.com\/de\/wp-json\/wp\/v2\/types\/post"}],"author":[{"embeddable":true,"href":"https:\/\/pichlerarchitects.com\/de\/wp-json\/wp\/v2\/users\/3"}],"replies":[{"embeddable":true,"href":"https:\/\/pichlerarchitects.com\/de\/wp-json\/wp\/v2\/comments?post=10917"}],"version-history":[{"count":0,"href":"https:\/\/pichlerarchitects.com\/de\/wp-json\/wp\/v2\/posts\/10917\/revisions"}],"wp:featuredmedia":[{"embeddable":true,"href":"https:\/\/pichlerarchitects.com\/de\/wp-json\/wp\/v2\/media\/10913"}],"wp:attachment":[{"href":"https:\/\/pichlerarchitects.com\/de\/wp-json\/wp\/v2\/media?parent=10917"}],"wp:term":[{"taxonomy":"category","embeddable":true,"href":"https:\/\/pichlerarchitects.com\/de\/wp-json\/wp\/v2\/categories?post=10917"},{"taxonomy":"post_tag","embeddable":true,"href":"https:\/\/pichlerarchitects.com\/de\/wp-json\/wp\/v2\/tags?post=10917"}],"curies":[{"name":"wp","href":"https:\/\/api.w.org\/{rel}","templated":true}]}}